{"id":5359,"date":"2022-07-06T09:38:25","date_gmt":"2022-07-06T07:38:25","guid":{"rendered":"https:\/\/www.kkiglow.sk\/svetovy-pohar-mladeze-a-deti-v-poreci-v-chorvatsku\/"},"modified":"2022-07-06T10:08:11","modified_gmt":"2022-07-06T08:08:11","slug":"svetovy-pohar-mladeze-a-deti-v-poreci-v-chorvatsku","status":"publish","type":"post","link":"https:\/\/www.kkiglow.sk\/en\/svetovy-pohar-mladeze-a-deti-v-poreci-v-chorvatsku\/","title":{"rendered":"Youth and Children&#8217;s World Cup in Pore\u010d, Croatia"},"content":{"rendered":"<p>[vc_row][vc_column][vc_column_text css=&#8221;.vc_custom_1657094431068{padding-bottom: 50px !important;}&#8221;]<\/p>\n<h3>Youth and Children&#8217;s World Cup in Pore\u010d, Croatia<\/h3>\n<p dir=\"auto\">In the days from 30.6. &#8211; 3.7. 2022, two international competitions took place in Pore\u010d, Croatia &#8211; WKF U21 CUP and 14th WKF YOUTH LEAGUE.<\/p>\n<p>Our club was represented at the WKF U12 &amp; U21 CUP by S\u00e1ra Krivdov\u00e1 and Maro\u0161 Janov\u010d\u00edk.<\/p>\n<p>The results of our competitors:<br \/>\nS\u00e1ra Krivdov\u00e1 &#8211; kumite U21 -68kg, 17 competitors<br \/>\n1st round free, 2nd round &#8211; 2:2 win against an Englishwoman, 3rd round &#8211; 3:0 win against a Swede, 4th round &#8211; 10:2 win against a Belgian woman, Final &#8211; 4:2 loss against a Slovenian woman &#8211; overall 2nd. the place<\/p>\n<p>Maro\u0161 Janov\u010d\u00edk &#8211; kumite U21, -75kg, 39 competitors,<br \/>\n1st round &#8211; lost 3:2 against Slovenia<\/p>\n<p>Vojto Anto\u0161, Dominik Anto\u0161, Dominik Ke\u0161e\u013eak, Marek Krivda represented our club at the 14th WKF YOUTH LEAGUE competition.<\/p>\n<p>The results of our competitors:<br \/>\nVojto Anto\u0161 &#8211; kumite juniors +76kg, 52 competitors, 1st round free, 2nd round lost to a Slovenian<\/p>\n<p>Dominik Anto\u0161 \u2013 kumite u14 -55kg \u2013 43 competitors, He lost the 2nd round against the Slovak, lost 5:1 in the rematch against the Ukrainian &#8211; overall 5th place<\/p>\n<p>Dominik Ke\u0161e\u013eak \u2013 kumite juniors -76kg \u2013 60 competitors, 1st round &#8211; 2:0 against a competitor from Iceland, 2nd round &#8211; 5:1 against an Italian, 3rd round &#8211; 1:3 against an Italian<\/p>\n<p>Marek Krivda &#8211; cadets -52kg, 81 competitors, 1st round &#8211; free, 2nd round &#8211; lost to a German 1:6<\/p>\n<p>Thank you for representing the club and congratulations to the medalist.[\/vc_column_text][vc_column_text]<\/p>\n<div class=\"shortcode-gallery dt-format-gallery gallery-col-5 galleryid-5359 dt-gallery-container\" style=\"width: 100%;\"><a href=\"https:\/\/www.kkiglow.sk\/wp-content\/uploads\/2022\/07\/image4-.jpg\" class=\"rollover rollover-zoom dt-pswp-item big-img layzr-bg\" title=\"image4-\"  data-dt-img-description=\"\" data-large_image_width=\"1200\" data-large_image_height = \"900\"><img loading=\"lazy\" decoding=\"async\" src=\"data:image\/svg+xml,%3Csvg%20xmlns%3D&#39;http%3A%2F%2Fwww.w3.org%2F2000%2Fsvg&#39;%20viewBox%3D&#39;0%200%20600%20600&#39;%2F%3E\" data-src=\"https:\/\/www.kkiglow.sk\/wp-content\/uploads\/2022\/07\/image4--600x600.jpg\" data-srcset=\"https:\/\/www.kkiglow.sk\/wp-content\/uploads\/2022\/07\/image4--600x600.jpg 600w, https:\/\/www.kkiglow.sk\/wp-content\/uploads\/2022\/07\/image4--900x900.jpg 900w\" class=\"preload-me lazy-load\" width=\"600\" height=\"600\"  alt=\"image4-\" title=\"image4-\" \/><\/a><a href=\"https:\/\/www.kkiglow.sk\/wp-content\/uploads\/2022\/07\/image6-.jpg\" class=\"rollover rollover-zoom dt-pswp-item layzr-bg\" title=\"image6-\"  data-dt-img-description=\"\" data-large_image_width=\"908\" data-large_image_height = \"1200\"><img loading=\"lazy\" decoding=\"async\" src=\"data:image\/svg+xml,%3Csvg%20xmlns%3D&#39;http%3A%2F%2Fwww.w3.org%2F2000%2Fsvg&#39;%20viewBox%3D&#39;0%200%20300%20300&#39;%2F%3E\" data-src=\"https:\/\/www.kkiglow.sk\/wp-content\/uploads\/2022\/07\/image6--300x300.jpg\" data-srcset=\"https:\/\/www.kkiglow.sk\/wp-content\/uploads\/2022\/07\/image6--300x300.jpg 300w, https:\/\/www.kkiglow.sk\/wp-content\/uploads\/2022\/07\/image6--600x600.jpg 600w\" class=\"preload-me lazy-load\" width=\"300\" height=\"300\"  alt=\"image6-\" title=\"image6-\" \/><\/a><a href=\"https:\/\/www.kkiglow.sk\/wp-content\/uploads\/2022\/07\/image7-.jpg\" class=\"rollover rollover-zoom dt-pswp-item layzr-bg\" title=\"image7-\"  data-dt-img-description=\"\" data-large_image_width=\"912\" data-large_image_height = \"1200\"><img loading=\"lazy\" decoding=\"async\" src=\"data:image\/svg+xml,%3Csvg%20xmlns%3D&#39;http%3A%2F%2Fwww.w3.org%2F2000%2Fsvg&#39;%20viewBox%3D&#39;0%200%20300%20300&#39;%2F%3E\" data-src=\"https:\/\/www.kkiglow.sk\/wp-content\/uploads\/2022\/07\/image7--300x300.jpg\" data-srcset=\"https:\/\/www.kkiglow.sk\/wp-content\/uploads\/2022\/07\/image7--300x300.jpg 300w, https:\/\/www.kkiglow.sk\/wp-content\/uploads\/2022\/07\/image7--600x600.jpg 600w\" class=\"preload-me lazy-load\" width=\"300\" height=\"300\"  alt=\"image7-\" title=\"image7-\" \/><\/a><a href=\"https:\/\/www.kkiglow.sk\/wp-content\/uploads\/2022\/07\/image5-.jpg\" class=\"rollover rollover-zoom dt-pswp-item layzr-bg\" title=\"image5-\"  data-dt-img-description=\"\" data-large_image_width=\"1200\" data-large_image_height = \"900\"><img loading=\"lazy\" decoding=\"async\" src=\"data:image\/svg+xml,%3Csvg%20xmlns%3D&#39;http%3A%2F%2Fwww.w3.org%2F2000%2Fsvg&#39;%20viewBox%3D&#39;0%200%20300%20300&#39;%2F%3E\" data-src=\"https:\/\/www.kkiglow.sk\/wp-content\/uploads\/2022\/07\/image5--300x300.jpg\" data-srcset=\"https:\/\/www.kkiglow.sk\/wp-content\/uploads\/2022\/07\/image5--300x300.jpg 300w, https:\/\/www.kkiglow.sk\/wp-content\/uploads\/2022\/07\/image5--600x600.jpg 600w\" class=\"preload-me lazy-load\" width=\"300\" height=\"300\"  alt=\"image5-\" title=\"image5-\" \/><\/a><\/div>\n<p>[\/vc_column_text][\/vc_column][\/vc_row]<\/p>\n","protected":false},"excerpt":{"rendered":"<p>[vc_row][vc_column][vc_column_text css=&#8221;.vc_custom_1657094431068{padding-bottom: 50px !important;}&#8221;] Youth and Children&#8217;s World Cup in Pore\u010d, Croatia In the days from 30.6. &#8211; 3.7. 2022, two international competitions took place in Pore\u010d, Croatia &#8211; WKF U21 CUP and 14th WKF YOUTH LEAGUE. Our club was represented at the WKF U12 &amp; U21 CUP by S\u00e1ra Krivdov\u00e1 and Maro\u0161 Janov\u010d\u00edk. The&hellip;<\/p>\n","protected":false},"author":2,"featured_media":5333,"comment_status":"closed","ping_status":"closed","sticky":false,"template":"","format":"standard","meta":{"footnotes":""},"categories":[34,27],"tags":[],"class_list":["post-5359","post","type-post","status-publish","format-standard","has-post-thumbnail","hentry","category-news","category-uncategorized","category-34","category-27","description-off"],"yoast_head":"<!-- This site is optimized with the Yoast SEO plugin v18.1 - https:\/\/yoast.com\/wordpress\/plugins\/seo\/ -->\n<title>Youth and Children&#039;s World Cup in Pore\u010d, Croatia - KK Iglow<\/title>\n<meta name=\"robots\" content=\"index, follow, max-snippet:-1, max-image-preview:large, max-video-preview:-1\" \/>\n<link rel=\"canonical\" href=\"https:\/\/www.kkiglow.sk\/svetovy-pohar-mladeze-a-deti-v-poreci-v-chorvatsku\/\" \/>\n<meta property=\"og:locale\" content=\"en_US\" \/>\n<meta property=\"og:type\" content=\"article\" \/>\n<meta property=\"og:title\" content=\"Youth and Children&#039;s World Cup in Pore\u010d, Croatia - KK Iglow\" \/>\n<meta property=\"og:description\" content=\"[vc_row][vc_column][vc_column_text css=&#8221;.vc_custom_1657094431068{padding-bottom: 50px !important;}&#8221;] Youth and Children&#8217;s World Cup in Pore\u010d, Croatia In the days from 30.6. &#8211; 3.7. 2022, two international competitions took place in Pore\u010d, Croatia &#8211; WKF U21 CUP and 14th WKF YOUTH LEAGUE. Our club was represented at the WKF U12 &amp; U21 CUP by S\u00e1ra Krivdov\u00e1 and Maro\u0161 Janov\u010d\u00edk. The&hellip;\" \/>\n<meta property=\"og:url\" content=\"https:\/\/www.kkiglow.sk\/svetovy-pohar-mladeze-a-deti-v-poreci-v-chorvatsku\/\" \/>\n<meta property=\"og:site_name\" content=\"KK Iglow\" \/>\n<meta property=\"article:published_time\" content=\"2022-07-06T07:38:25+00:00\" \/>\n<meta property=\"article:modified_time\" content=\"2022-07-06T08:08:11+00:00\" \/>\n<meta property=\"og:image\" content=\"https:\/\/www.kkiglow.sk\/wp-content\/uploads\/2022\/07\/image4-.jpg\" \/>\n\t<meta property=\"og:image:width\" content=\"1200\" \/>\n\t<meta property=\"og:image:height\" content=\"900\" \/>\n\t<meta property=\"og:image:type\" content=\"image\/jpeg\" \/>\n<meta name=\"twitter:card\" content=\"summary_large_image\" \/>\n<meta name=\"twitter:label1\" content=\"Written by\" \/>\n\t<meta name=\"twitter:data1\" content=\"tina\" \/>\n\t<meta name=\"twitter:label2\" content=\"Est. reading time\" \/>\n\t<meta name=\"twitter:data2\" content=\"2 minutes\" \/>\n<script type=\"application\/ld+json\" class=\"yoast-schema-graph\">{\"@context\":\"https:\/\/schema.org\",\"@graph\":[{\"@type\":\"WebSite\",\"@id\":\"https:\/\/www.kkiglow.sk\/#website\",\"url\":\"https:\/\/www.kkiglow.sk\/\",\"name\":\"KK Iglow\",\"description\":\"Spi\u0161sk\u00e1 Nov\u00e1 Ves\",\"potentialAction\":[{\"@type\":\"SearchAction\",\"target\":{\"@type\":\"EntryPoint\",\"urlTemplate\":\"https:\/\/www.kkiglow.sk\/?s={search_term_string}\"},\"query-input\":\"required name=search_term_string\"}],\"inLanguage\":\"en-US\"},{\"@type\":\"ImageObject\",\"@id\":\"https:\/\/www.kkiglow.sk\/svetovy-pohar-mladeze-a-deti-v-poreci-v-chorvatsku\/#primaryimage\",\"inLanguage\":\"en-US\",\"url\":\"https:\/\/www.kkiglow.sk\/wp-content\/uploads\/2022\/07\/image4-.jpg\",\"contentUrl\":\"https:\/\/www.kkiglow.sk\/wp-content\/uploads\/2022\/07\/image4-.jpg\",\"width\":1200,\"height\":900},{\"@type\":\"WebPage\",\"@id\":\"https:\/\/www.kkiglow.sk\/svetovy-pohar-mladeze-a-deti-v-poreci-v-chorvatsku\/#webpage\",\"url\":\"https:\/\/www.kkiglow.sk\/svetovy-pohar-mladeze-a-deti-v-poreci-v-chorvatsku\/\",\"name\":\"Youth and Children's World Cup in Pore\u010d, Croatia - KK Iglow\",\"isPartOf\":{\"@id\":\"https:\/\/www.kkiglow.sk\/#website\"},\"primaryImageOfPage\":{\"@id\":\"https:\/\/www.kkiglow.sk\/svetovy-pohar-mladeze-a-deti-v-poreci-v-chorvatsku\/#primaryimage\"},\"datePublished\":\"2022-07-06T07:38:25+00:00\",\"dateModified\":\"2022-07-06T08:08:11+00:00\",\"author\":{\"@id\":\"https:\/\/www.kkiglow.sk\/#\/schema\/person\/11c602ade01d7a541cf67eaa8aec0281\"},\"breadcrumb\":{\"@id\":\"https:\/\/www.kkiglow.sk\/svetovy-pohar-mladeze-a-deti-v-poreci-v-chorvatsku\/#breadcrumb\"},\"inLanguage\":\"en-US\",\"potentialAction\":[{\"@type\":\"ReadAction\",\"target\":[\"https:\/\/www.kkiglow.sk\/svetovy-pohar-mladeze-a-deti-v-poreci-v-chorvatsku\/\"]}]},{\"@type\":\"BreadcrumbList\",\"@id\":\"https:\/\/www.kkiglow.sk\/svetovy-pohar-mladeze-a-deti-v-poreci-v-chorvatsku\/#breadcrumb\",\"itemListElement\":[{\"@type\":\"ListItem\",\"position\":1,\"name\":\"Domovsk\u00e1 str\u00e1nka\",\"item\":\"https:\/\/www.kkiglow.sk\/en\/\"},{\"@type\":\"ListItem\",\"position\":2,\"name\":\"Youth and Children&#8217;s World Cup in Pore\u010d, Croatia\"}]},{\"@type\":\"Person\",\"@id\":\"https:\/\/www.kkiglow.sk\/#\/schema\/person\/11c602ade01d7a541cf67eaa8aec0281\",\"name\":\"tina\",\"image\":{\"@type\":\"ImageObject\",\"@id\":\"https:\/\/www.kkiglow.sk\/#personlogo\",\"inLanguage\":\"en-US\",\"url\":\"https:\/\/secure.gravatar.com\/avatar\/ea7a1fa5ea306e642eeb43716a737c5820af8a3e16cfedb012d9fe073c008027?s=96&d=mm&r=g\",\"contentUrl\":\"https:\/\/secure.gravatar.com\/avatar\/ea7a1fa5ea306e642eeb43716a737c5820af8a3e16cfedb012d9fe073c008027?s=96&d=mm&r=g\",\"caption\":\"tina\"},\"url\":\"https:\/\/www.kkiglow.sk\/en\/author\/tina\/\"}]}<\/script>\n<!-- \/ Yoast SEO plugin. -->","yoast_head_json":{"title":"Youth and Children's World Cup in Pore\u010d, Croatia - KK Iglow","robots":{"index":"index","follow":"follow","max-snippet":"max-snippet:-1","max-image-preview":"max-image-preview:large","max-video-preview":"max-video-preview:-1"},"canonical":"https:\/\/www.kkiglow.sk\/svetovy-pohar-mladeze-a-deti-v-poreci-v-chorvatsku\/","og_locale":"en_US","og_type":"article","og_title":"Youth and Children's World Cup in Pore\u010d, Croatia - KK Iglow","og_description":"[vc_row][vc_column][vc_column_text css=&#8221;.vc_custom_1657094431068{padding-bottom: 50px !important;}&#8221;] Youth and Children&#8217;s World Cup in Pore\u010d, Croatia In the days from 30.6. &#8211; 3.7. 2022, two international competitions took place in Pore\u010d, Croatia &#8211; WKF U21 CUP and 14th WKF YOUTH LEAGUE. Our club was represented at the WKF U12 &amp; U21 CUP by S\u00e1ra Krivdov\u00e1 and Maro\u0161 Janov\u010d\u00edk. The&hellip;","og_url":"https:\/\/www.kkiglow.sk\/svetovy-pohar-mladeze-a-deti-v-poreci-v-chorvatsku\/","og_site_name":"KK Iglow","article_published_time":"2022-07-06T07:38:25+00:00","article_modified_time":"2022-07-06T08:08:11+00:00","og_image":[{"width":1200,"height":900,"url":"https:\/\/www.kkiglow.sk\/wp-content\/uploads\/2022\/07\/image4-.jpg","type":"image\/jpeg"}],"twitter_card":"summary_large_image","twitter_misc":{"Written by":"tina","Est. reading time":"2 minutes"},"schema":{"@context":"https:\/\/schema.org","@graph":[{"@type":"WebSite","@id":"https:\/\/www.kkiglow.sk\/#website","url":"https:\/\/www.kkiglow.sk\/","name":"KK Iglow","description":"Spi\u0161sk\u00e1 Nov\u00e1 Ves","potentialAction":[{"@type":"SearchAction","target":{"@type":"EntryPoint","urlTemplate":"https:\/\/www.kkiglow.sk\/?s={search_term_string}"},"query-input":"required name=search_term_string"}],"inLanguage":"en-US"},{"@type":"ImageObject","@id":"https:\/\/www.kkiglow.sk\/svetovy-pohar-mladeze-a-deti-v-poreci-v-chorvatsku\/#primaryimage","inLanguage":"en-US","url":"https:\/\/www.kkiglow.sk\/wp-content\/uploads\/2022\/07\/image4-.jpg","contentUrl":"https:\/\/www.kkiglow.sk\/wp-content\/uploads\/2022\/07\/image4-.jpg","width":1200,"height":900},{"@type":"WebPage","@id":"https:\/\/www.kkiglow.sk\/svetovy-pohar-mladeze-a-deti-v-poreci-v-chorvatsku\/#webpage","url":"https:\/\/www.kkiglow.sk\/svetovy-pohar-mladeze-a-deti-v-poreci-v-chorvatsku\/","name":"Youth and Children's World Cup in Pore\u010d, Croatia - KK Iglow","isPartOf":{"@id":"https:\/\/www.kkiglow.sk\/#website"},"primaryImageOfPage":{"@id":"https:\/\/www.kkiglow.sk\/svetovy-pohar-mladeze-a-deti-v-poreci-v-chorvatsku\/#primaryimage"},"datePublished":"2022-07-06T07:38:25+00:00","dateModified":"2022-07-06T08:08:11+00:00","author":{"@id":"https:\/\/www.kkiglow.sk\/#\/schema\/person\/11c602ade01d7a541cf67eaa8aec0281"},"breadcrumb":{"@id":"https:\/\/www.kkiglow.sk\/svetovy-pohar-mladeze-a-deti-v-poreci-v-chorvatsku\/#breadcrumb"},"inLanguage":"en-US","potentialAction":[{"@type":"ReadAction","target":["https:\/\/www.kkiglow.sk\/svetovy-pohar-mladeze-a-deti-v-poreci-v-chorvatsku\/"]}]},{"@type":"BreadcrumbList","@id":"https:\/\/www.kkiglow.sk\/svetovy-pohar-mladeze-a-deti-v-poreci-v-chorvatsku\/#breadcrumb","itemListElement":[{"@type":"ListItem","position":1,"name":"Domovsk\u00e1 str\u00e1nka","item":"https:\/\/www.kkiglow.sk\/en\/"},{"@type":"ListItem","position":2,"name":"Youth and Children&#8217;s World Cup in Pore\u010d, Croatia"}]},{"@type":"Person","@id":"https:\/\/www.kkiglow.sk\/#\/schema\/person\/11c602ade01d7a541cf67eaa8aec0281","name":"tina","image":{"@type":"ImageObject","@id":"https:\/\/www.kkiglow.sk\/#personlogo","inLanguage":"en-US","url":"https:\/\/secure.gravatar.com\/avatar\/ea7a1fa5ea306e642eeb43716a737c5820af8a3e16cfedb012d9fe073c008027?s=96&d=mm&r=g","contentUrl":"https:\/\/secure.gravatar.com\/avatar\/ea7a1fa5ea306e642eeb43716a737c5820af8a3e16cfedb012d9fe073c008027?s=96&d=mm&r=g","caption":"tina"},"url":"https:\/\/www.kkiglow.sk\/en\/author\/tina\/"}]}},"_links":{"self":[{"href":"https:\/\/www.kkiglow.sk\/en\/wp-json\/wp\/v2\/posts\/5359","targetHints":{"allow":["GET"]}}],"collection":[{"href":"https:\/\/www.kkiglow.sk\/en\/wp-json\/wp\/v2\/posts"}],"about":[{"href":"https:\/\/www.kkiglow.sk\/en\/wp-json\/wp\/v2\/types\/post"}],"author":[{"embeddable":true,"href":"https:\/\/www.kkiglow.sk\/en\/wp-json\/wp\/v2\/users\/2"}],"replies":[{"embeddable":true,"href":"https:\/\/www.kkiglow.sk\/en\/wp-json\/wp\/v2\/comments?post=5359"}],"version-history":[{"count":3,"href":"https:\/\/www.kkiglow.sk\/en\/wp-json\/wp\/v2\/posts\/5359\/revisions"}],"predecessor-version":[{"id":5362,"href":"https:\/\/www.kkiglow.sk\/en\/wp-json\/wp\/v2\/posts\/5359\/revisions\/5362"}],"wp:featuredmedia":[{"embeddable":true,"href":"https:\/\/www.kkiglow.sk\/en\/wp-json\/wp\/v2\/media\/5333"}],"wp:attachment":[{"href":"https:\/\/www.kkiglow.sk\/en\/wp-json\/wp\/v2\/media?parent=5359"}],"wp:term":[{"taxonomy":"category","embeddable":true,"href":"https:\/\/www.kkiglow.sk\/en\/wp-json\/wp\/v2\/categories?post=5359"},{"taxonomy":"post_tag","embeddable":true,"href":"https:\/\/www.kkiglow.sk\/en\/wp-json\/wp\/v2\/tags?post=5359"}],"curies":[{"name":"wp","href":"https:\/\/api.w.org\/{rel}","templated":true}]}}